{"id":325,"date":"2011-06-09T09:38:47","date_gmt":"2011-06-09T13:38:47","guid":{"rendered":"http:\/\/www.almungsskafferi.se\/blogg\/?p=325"},"modified":"2015-10-03T17:26:11","modified_gmt":"2015-10-03T21:26:11","slug":"ramslokspesto-med-mandel","status":"publish","type":"post","link":"http:\/\/www.almungsskafferi.se\/blogg\/2011\/06\/09\/ramslokspesto-med-mandel\/","title":{"rendered":"Ramsl\u00f6kspesto med mandel"},"content":{"rendered":"<div class=\"pf-content\"><p>I helgen har jag varit ute och plockat ramsl\u00f6k. Av den blev det bland annat den h\u00e4r goda peston som \u00e4r ett j\u00e4ttegott tillbeh\u00f6r till grillat. Ramsl\u00f6ken ger en lite vitl\u00f6ksliknande smak. Ramsl\u00f6k finns det gott om p\u00e5 Gotland, den v\u00e4xer i lite fuktigare l\u00f6vskogar.<br \/>\n<a href=\"http:\/\/www.almungsskafferi.se\/blogg\/wp-content\/uploads\/2011\/06\/ramsl\u00f6k.jpg\"><img loading=\"lazy\" decoding=\"async\" src=\"http:\/\/www.almungsskafferi.se\/blogg\/wp-content\/uploads\/2011\/06\/ramsl\u00f6k.jpg\" alt=\"\" title=\"ramsl\u00f6k\" width=\"400\" height=\"309\" class=\"alignnone size-full wp-image-329\" srcset=\"http:\/\/www.almungsskafferi.se\/blogg\/wp-content\/uploads\/2011\/06\/ramsl\u00f6k.jpg 400w, http:\/\/www.almungsskafferi.se\/blogg\/wp-content\/uploads\/2011\/06\/ramsl\u00f6k-300x231.jpg 300w\" sizes=\"auto, (max-width: 400px) 100vw, 400px\" \/><\/a><\/p>\n<p><a href=\"http:\/\/www.almungsskafferi.se\/blogg\/wp-content\/uploads\/2011\/06\/ramslokspesto.jpg\"><img loading=\"lazy\" decoding=\"async\" src=\"http:\/\/www.almungsskafferi.se\/blogg\/wp-content\/uploads\/2011\/06\/ramslokspesto.jpg\" alt=\"\" title=\"ramslokspesto\" width=\"300\" height=\"241\" class=\"alignright size-full wp-image-336\" \/><\/a>Lagom till 3 personer.<\/p>\n<p>2-3 dl ramsl\u00f6ksblad<br \/>\n1\/2 dl mandel<br \/>\n1 dl riven parmesan<br \/>\n1 nypa salt<br \/>\n1 dl raps eller olivolja<\/p>\n<p>Blanda ramsl\u00f6k, mandel, parmesan och en fj\u00e4rdedel av oljan i en sk\u00e5l. Mixa. R\u00f6r i olja efterhand tills den f\u00e5r lagom konsistens.<\/p>\n<\/div>","protected":false},"excerpt":{"rendered":"<p>I helgen har jag varit ute och plockat ramsl\u00f6k. Av den blev det bland annat den h\u00e4r goda peston som \u00e4r ett j\u00e4ttegott tillbeh\u00f6r till grillat. Ramsl\u00f6ken ger en lite vitl\u00f6ksliknande smak. Ramsl\u00f6k finns det gott om p\u00e5 Gotland, den v\u00e4xer i lite fuktigare l\u00f6vskogar. Lagom till 3 personer. 2-3 dl ramsl\u00f6ksblad 1\/2 dl mandel [&hellip;]<\/p>\n","protected":false},"author":1,"featured_media":336,"comment_status":"open","ping_status":"open","sticky":false,"template":"","format":"standard","meta":{"footnotes":""},"categories":[60,62,56],"tags":[],"class_list":["post-325","post","type-post","status-publish","format-standard","has-post-thumbnail","hentry","category-glutenfritt","category-lchf","category-tillbehor-gronsaker-och-smaratter"],"_links":{"self":[{"href":"http:\/\/www.almungsskafferi.se\/blogg\/wp-json\/wp\/v2\/posts\/325","targetHints":{"allow":["GET"]}}],"collection":[{"href":"http:\/\/www.almungsskafferi.se\/blogg\/wp-json\/wp\/v2\/posts"}],"about":[{"href":"http:\/\/www.almungsskafferi.se\/blogg\/wp-json\/wp\/v2\/types\/post"}],"author":[{"embeddable":true,"href":"http:\/\/www.almungsskafferi.se\/blogg\/wp-json\/wp\/v2\/users\/1"}],"replies":[{"embeddable":true,"href":"http:\/\/www.almungsskafferi.se\/blogg\/wp-json\/wp\/v2\/comments?post=325"}],"version-history":[{"count":10,"href":"http:\/\/www.almungsskafferi.se\/blogg\/wp-json\/wp\/v2\/posts\/325\/revisions"}],"predecessor-version":[{"id":1677,"href":"http:\/\/www.almungsskafferi.se\/blogg\/wp-json\/wp\/v2\/posts\/325\/revisions\/1677"}],"wp:featuredmedia":[{"embeddable":true,"href":"http:\/\/www.almungsskafferi.se\/blogg\/wp-json\/wp\/v2\/media\/336"}],"wp:attachment":[{"href":"http:\/\/www.almungsskafferi.se\/blogg\/wp-json\/wp\/v2\/media?parent=325"}],"wp:term":[{"taxonomy":"category","embeddable":true,"href":"http:\/\/www.almungsskafferi.se\/blogg\/wp-json\/wp\/v2\/categories?post=325"},{"taxonomy":"post_tag","embeddable":true,"href":"http:\/\/www.almungsskafferi.se\/blogg\/wp-json\/wp\/v2\/tags?post=325"}],"curies":[{"name":"wp","href":"https:\/\/api.w.org\/{rel}","templated":true}]}}