{"id":1546,"date":"2013-11-01T09:29:36","date_gmt":"2013-11-01T13:29:36","guid":{"rendered":"http:\/\/www.almungsskafferi.se\/blogg\/?p=1546"},"modified":"2015-10-03T15:20:25","modified_gmt":"2015-10-03T19:20:25","slug":"ugnsrostad-pumpa","status":"publish","type":"post","link":"http:\/\/www.almungsskafferi.se\/blogg\/2013\/11\/01\/ugnsrostad-pumpa\/","title":{"rendered":"Ugnsrostad pumpa"},"content":{"rendered":"<div class=\"pf-content\"><p><a href=\"http:\/\/www.almungsskafferi.se\/blogg\/wp-content\/uploads\/2013\/11\/ugnsrostad_pumpa.jpg\"><img loading=\"lazy\" decoding=\"async\" src=\"http:\/\/www.almungsskafferi.se\/blogg\/wp-content\/uploads\/2013\/11\/ugnsrostad_pumpa-300x225.jpg\" alt=\"OLYMPUS DIGITAL CAMERA\" width=\"300\" height=\"225\" class=\"alignright size-medium wp-image-1579\" srcset=\"http:\/\/www.almungsskafferi.se\/blogg\/wp-content\/uploads\/2013\/11\/ugnsrostad_pumpa-300x225.jpg 300w, http:\/\/www.almungsskafferi.se\/blogg\/wp-content\/uploads\/2013\/11\/ugnsrostad_pumpa.jpg 400w\" sizes=\"auto, (max-width: 300px) 100vw, 300px\" \/><\/a>Pumpa \u00e4r en ny trevlig bekantskap f\u00f6r mig. J\u00e4ttegod ugnsrostad med ingef\u00e4ra och vitl\u00f6k.<\/p>\n<p>Ingredienser:<br \/>\nCa 2 kg pumpa<br \/>\n1 dl olivolja<br \/>\n25 g f\u00e4rsk ingef\u00e4ra<br \/>\n2 vitl\u00f6ksklyftor<br \/>\n0, 5 tsk salt<\/p>\n<p>Sk\u00e4r pumpan i klyftor<br \/>\nTa bort k\u00e4rnorna.<br \/>\nRiv ingef\u00e4ran och pressa vitl\u00f6ken.<br \/>\nBlanda  olja, ingef\u00e4ra, vitl\u00f6k och salt.<br \/>\nPensla\/bred p\u00e5 blandningen p\u00e5 pumpaklyftorna. S\u00e4tt in i ugnen 175-200 grader i 40 min.<\/p>\n<\/div>","protected":false},"excerpt":{"rendered":"<p>Pumpa \u00e4r en ny trevlig bekantskap f\u00f6r mig. J\u00e4ttegod ugnsrostad med ingef\u00e4ra och vitl\u00f6k. Ingredienser: Ca 2 kg pumpa 1 dl olivolja 25 g f\u00e4rsk ingef\u00e4ra 2 vitl\u00f6ksklyftor 0, 5 tsk salt Sk\u00e4r pumpan i klyftor Ta bort k\u00e4rnorna. Riv ingef\u00e4ran och pressa vitl\u00f6ken. Blanda olja, ingef\u00e4ra, vitl\u00f6k och salt. Pensla\/bred p\u00e5 blandningen p\u00e5 pumpaklyftorna. [&hellip;]<\/p>\n","protected":false},"author":1,"featured_media":1579,"comment_status":"open","ping_status":"open","sticky":false,"template":"","format":"standard","meta":{"footnotes":""},"categories":[60,40,62,33,63],"tags":[],"class_list":["post-1546","post","type-post","status-publish","format-standard","has-post-thumbnail","hentry","category-glutenfritt","category-gronsaker-tillbehor-och-smaratter","category-lchf","category-mjolkfritt","category-paleo"],"_links":{"self":[{"href":"http:\/\/www.almungsskafferi.se\/blogg\/wp-json\/wp\/v2\/posts\/1546","targetHints":{"allow":["GET"]}}],"collection":[{"href":"http:\/\/www.almungsskafferi.se\/blogg\/wp-json\/wp\/v2\/posts"}],"about":[{"href":"http:\/\/www.almungsskafferi.se\/blogg\/wp-json\/wp\/v2\/types\/post"}],"author":[{"embeddable":true,"href":"http:\/\/www.almungsskafferi.se\/blogg\/wp-json\/wp\/v2\/users\/1"}],"replies":[{"embeddable":true,"href":"http:\/\/www.almungsskafferi.se\/blogg\/wp-json\/wp\/v2\/comments?post=1546"}],"version-history":[{"count":6,"href":"http:\/\/www.almungsskafferi.se\/blogg\/wp-json\/wp\/v2\/posts\/1546\/revisions"}],"predecessor-version":[{"id":1584,"href":"http:\/\/www.almungsskafferi.se\/blogg\/wp-json\/wp\/v2\/posts\/1546\/revisions\/1584"}],"wp:featuredmedia":[{"embeddable":true,"href":"http:\/\/www.almungsskafferi.se\/blogg\/wp-json\/wp\/v2\/media\/1579"}],"wp:attachment":[{"href":"http:\/\/www.almungsskafferi.se\/blogg\/wp-json\/wp\/v2\/media?parent=1546"}],"wp:term":[{"taxonomy":"category","embeddable":true,"href":"http:\/\/www.almungsskafferi.se\/blogg\/wp-json\/wp\/v2\/categories?post=1546"},{"taxonomy":"post_tag","embeddable":true,"href":"http:\/\/www.almungsskafferi.se\/blogg\/wp-json\/wp\/v2\/tags?post=1546"}],"curies":[{"name":"wp","href":"https:\/\/api.w.org\/{rel}","templated":true}]}}